[{"@context":"https:\/\/schema.org\/","@type":"Article","@id":"https:\/\/www.pweb.cz\/vymena-garazovych-vrat-za-novy-kus\/#Article","mainEntityOfPage":"https:\/\/www.pweb.cz\/vymena-garazovych-vrat-za-novy-kus\/","headline":"V\u00fdm\u011bna gar\u00e1\u017eov\u00fdch vrat za nov\u00fd kus","name":"V\u00fdm\u011bna gar\u00e1\u017eov\u00fdch vrat za nov\u00fd kus","description":"Vlastn\u00edte rodinn\u00fd d\u016fm, jeho\u017e sou\u010d\u00e1st\u00ed je i gar\u00e1\u017e? A v gar\u00e1\u017ei jsou star\u00e1 vrata, kter\u00e1 ji\u017e dosluhuj\u00ed a vy\u017eaduj\u00ed v\u00fdm\u011bnu? A byli jste mnoho let zvykl\u00ed na vrata k\u0159\u00eddlov\u00e1? Pak bychom v\u00e1m r\u00e1di navrhli zm\u011bnu k lep\u0161\u00edmu. P\u0159echod z k\u0159\u00eddlov\u00fdch vrat na vrata v\u00fdklopn\u00e1. Co to bude pro v\u00e1s obn\u00e1\u0161et? Parkov\u00e1n\u00ed p\u0159ed vraty \u2013 p\u0159ed [&hellip;]","datePublished":"2025-03-22","dateModified":"2025-03-22","author":{"@type":"Person","@id":"https:\/\/www.pweb.cz\/author\/#Person","name":"pweb.cz","url":"https:\/\/www.pweb.cz\/author\/","identifier":1,"image":{"@type":"ImageObject","@id":"https:\/\/secure.gravatar.com\/avatar\/86b519ae28c05e7834416117bec12e679aa78b8940db1f26d4a52ad5648f8c3a?s=96&d=mm&r=g","url":"https:\/\/secure.gravatar.com\/avatar\/86b519ae28c05e7834416117bec12e679aa78b8940db1f26d4a52ad5648f8c3a?s=96&d=mm&r=g","height":96,"width":96}},"publisher":{"@type":"Organization","name":"pweb.cz","logo":{"@type":"ImageObject","@id":"\/logo.png","url":"\/logo.png","width":600,"height":60}},"image":{"@type":"ImageObject","@id":"https:\/\/www.pweb.cz\/wp-content\/uploads\/garage-1379189_640_9.jpg","url":"https:\/\/www.pweb.cz\/wp-content\/uploads\/garage-1379189_640_9.jpg","height":0,"width":0},"url":"https:\/\/www.pweb.cz\/vymena-garazovych-vrat-za-novy-kus\/","about":["Zbo\u017e\u00ed"],"wordCount":420,"articleBody":"       Vlastn\u00edte rodinn\u00fd d\u016fm, jeho\u017e sou\u010d\u00e1st\u00ed je i gar\u00e1\u017e? A v gar\u00e1\u017ei jsou star\u00e1 vrata, kter\u00e1 ji\u017e dosluhuj\u00ed a vy\u017eaduj\u00ed v\u00fdm\u011bnu? A byli jste mnoho let zvykl\u00ed na vrata k\u0159\u00eddlov\u00e1? Pak bychom v\u00e1m r\u00e1di navrhli zm\u011bnu k lep\u0161\u00edmu. P\u0159echod z k\u0159\u00eddlov\u00fdch vrat na vrata v\u00fdklopn\u00e1. Co to bude pro v\u00e1s obn\u00e1\u0161et?Parkov\u00e1n\u00ed p\u0159ed vraty \u2013 p\u0159ed k\u0159\u00eddlov\u00fdmi vraty nelze parkovat, jinak je neotev\u0159ete. Problematick\u00e9 je to nap\u0159\u00edklad tam, kde je p\u0159ed gar\u00e1\u017e\u00ed m\u00e1lo m\u00edsta, a vy kv\u016fli otev\u0159en\u00ed vrat mus\u00edte v\u016fz p\u0159eparkovat mimo pozemek. Toto pochopiteln\u011b nemus\u00edte \u0159e\u0161it u vrat v\u00fdklopn\u00fdch, kter\u00e1 se otev\u00edraj\u00ed dovnit\u0159. Tam bez probl\u00e9m\u016f zaparkujete t\u011bsn\u011b u vrat a ponech\u00e1te si pouze mal\u00fd prostor pro p\u011b\u0161\u00ed pr\u016fchod a manipulaci s vraty.Otev\u00edr\u00e1n\u00ed vrat v zim\u011b \u2013 u k\u0159\u00eddlov\u00fdch vrat mus\u00edte po\u010d\u00edtat s t\u00edm, \u017ee bude nutn\u00e9 nejprve odh\u00e1zet sn\u00edh a odstranit zledovat\u011blou n\u00e1mrazu. Toto je nep\u0159\u00edjemn\u00e9 zejm\u00e9na na hor\u00e1ch, kde sn\u011b\u017e\u00ed \u010dast\u011bji, a kde se sn\u00edh m\u016f\u017ee udr\u017eet t\u00e9m\u011b\u0159 po cel\u00e9 zimn\u00ed obdob\u00ed. U v\u00fdklopn\u00fdch vrat sn\u00edh odkl\u00edzet nemus\u00edte, pokud vysloven\u011b nebr\u00e1n\u00ed v j\u00edzd\u011b va\u0161emu vozidlu. Automatika \u2013 v\u00fdklopn\u00e1 vrata nebo rolovac\u00ed gar\u00e1\u017eov\u00e1 vrata H\u00f6rmann za cenu dle cen\u00edku m\u016f\u017eete otev\u00edrat ru\u010dn\u011b nebo tak\u00e9 automatikou. To se m\u016f\u017ee hodit t\u0159eba ve chv\u00edli, kdy venku pr\u0161\u00ed a nechcete zmoknout, tak vrata otev\u0159ete d\u00e1lkov\u00fdm ovl\u00e1d\u00e1n\u00edm a zajedete autem p\u0159\u00edmo do gar\u00e1\u017ee. K automatick\u00e9mu ovl\u00e1d\u00e1n\u00ed vrat m\u016f\u017eete p\u0159ipojit i automaticky ovl\u00e1danou posuvnou br\u00e1nu na hranici pozemku. Posuvn\u00e9 br\u00e1ny lze otev\u00edrat a\u017e do \u0161\u00ed\u0159e \u0161estn\u00e1cti metr\u016f a v protilehl\u00e9m sm\u011bru a\u017e do \u0161\u00ed\u0159e dvojn\u00e1sobn\u00e9 \u2013 toto \u0159e\u0161en\u00ed se nej\u010dast\u011bji uplatn\u00ed v pr\u016fmyslu \u010di logistice, u gar\u00e1\u017e\u00ed v rodinn\u00fdch domech samoz\u0159ejm\u011b posta\u010d\u00ed m\u00edt vrata krat\u0161\u00ed.Estetika \u2013 v\u00fdklopn\u00e1 a rolovac\u00ed gar\u00e1\u017eov\u00e1 vrata se zhotovuj\u00ed v mnoha designech a jde o esteticky zaj\u00edmav\u00e1 \u0159e\u0161en\u00ed, z nich\u017e n\u011bkter\u00e1 by mohla oslovit i v\u00e1s. Vrata lze pak ladit k ostatn\u00edm \u010d\u00e1stem objektu, jako jsou barva fas\u00e1dy, barva st\u0159echy, okrasn\u00e1 \u010d\u00e1st zahrady apod.                                                                                                                                                                                                                                                                                                                                                                                           4.3\/5 - (7 votes)        "},{"@context":"https:\/\/schema.org\/","@type":"BreadcrumbList","itemListElement":[{"@type":"ListItem","position":1,"name":"V\u00fdm\u011bna gar\u00e1\u017eov\u00fdch vrat za nov\u00fd kus","item":"https:\/\/www.pweb.cz\/vymena-garazovych-vrat-za-novy-kus\/#breadcrumbitem"}]}]