[{"@context":"https:\/\/schema.org\/","@type":"Article","@id":"https:\/\/www.pweb.cz\/stoupaji-naroky-na-deti-ve-skole\/#Article","mainEntityOfPage":"https:\/\/www.pweb.cz\/stoupaji-naroky-na-deti-ve-skole\/","headline":"Stoupaj\u00ed n\u00e1roky na d\u011bti ve \u0161kole?","name":"Stoupaj\u00ed n\u00e1roky na d\u011bti ve \u0161kole?","description":"Mnohokr\u00e1t jsme sly\u0161eli, \u017ee d\u011bti to maj\u00ed dnes t\u011b\u017ek\u00e9. N\u011bkdo si mysl\u00ed, \u017ee d\u011bti prost\u011b zleniv\u011bly, a proto maj\u00ed ve \u0161kole \u010dasto pot\u00ed\u017ee. Situace ale nen\u00ed tak jednoduch\u00e1, jak by se mohlo z\u00a0tohoto pohledu zd\u00e1t. Nesta\u010d\u00ed \u0159\u00edct, \u017ee d\u011bti po\u0159\u00e1d jen sed\u00ed u po\u010d\u00edta\u010dov\u00fdch her, je pot\u0159eba se na jejich d\u011btsk\u00fd sv\u011bt pod\u00edvat z\u00a0celkov\u00e9ho pohledu. [&hellip;]","datePublished":"2025-03-03","dateModified":"2023-05-02","author":{"@type":"Person","@id":"https:\/\/www.pweb.cz\/author\/#Person","name":"pweb.cz","url":"https:\/\/www.pweb.cz\/author\/","identifier":1,"image":{"@type":"ImageObject","@id":"https:\/\/secure.gravatar.com\/avatar\/86b519ae28c05e7834416117bec12e679aa78b8940db1f26d4a52ad5648f8c3a?s=96&d=mm&r=g","url":"https:\/\/secure.gravatar.com\/avatar\/86b519ae28c05e7834416117bec12e679aa78b8940db1f26d4a52ad5648f8c3a?s=96&d=mm&r=g","height":96,"width":96}},"publisher":{"@type":"Organization","name":"pweb.cz","logo":{"@type":"ImageObject","@id":"\/logo.png","url":"\/logo.png","width":600,"height":60}},"image":{"@type":"ImageObject","@id":"https:\/\/www.pweb.cz\/wp-content\/uploads\/img_a307177_w2445_t1518555947.jpg","url":"https:\/\/www.pweb.cz\/wp-content\/uploads\/img_a307177_w2445_t1518555947.jpg","height":0,"width":0},"url":"https:\/\/www.pweb.cz\/stoupaji-naroky-na-deti-ve-skole\/","about":["D\u011bti"],"wordCount":462,"articleBody":"Mnohokr\u00e1t jsme sly\u0161eli, \u017ee d\u011bti to maj\u00ed dnes t\u011b\u017ek\u00e9. N\u011bkdo si mysl\u00ed, \u017ee d\u011bti prost\u011b zleniv\u011bly, a proto maj\u00ed ve \u0161kole \u010dasto pot\u00ed\u017ee. Situace ale nen\u00ed tak jednoduch\u00e1, jak by se mohlo z\u00a0tohoto pohledu zd\u00e1t. Nesta\u010d\u00ed \u0159\u00edct, \u017ee d\u011bti po\u0159\u00e1d jen sed\u00ed u po\u010d\u00edta\u010dov\u00fdch her, je pot\u0159eba se na jejich d\u011btsk\u00fd sv\u011bt pod\u00edvat z\u00a0celkov\u00e9ho pohledu.Povinnosti a zodpov\u011bdnostJe jasn\u00e9, \u017ee od chv\u00edle, kdy d\u00edt\u011b za\u010dne chodit do \u0161koly, mus\u00ed za\u010d\u00edt plnit sv\u00e9 povinnosti. Je dobr\u00e9 na d\u011bti kl\u00e1st ur\u010dit\u00e9 po\u017eadavky, v\u017edy\u0165 se tak p\u0159ipravuj\u00ed na sv\u016fj produktivn\u00ed \u017eivot. U\u010d\u00edme je samostatnosti, zodpov\u011bdnosti s\u00e1m za sebe. \u017dijeme ve spole\u010dnosti, kter\u00e1 je zalo\u017eena na v\u00fdkonu. Je tedy mo\u017en\u00e9, \u017ee rodi\u010de, kte\u0159\u00ed jsou sami vystaveni stresu, mohou tento tlak, t\u0159eba i nev\u011bdom\u011b, p\u0159en\u00e1\u0161et na sv\u00e9 d\u011bti. P\u0159\u00edli\u0161n\u00fd tlak na d\u00edt\u011b v\u0161ak rozhodn\u011b prosp\u011b\u0161n\u00fd nen\u00ed.\u00a0Ambici\u00f3zn\u00ed rodi\u010deKa\u017ed\u00fd rodi\u010d si p\u0159eje, aby jeho d\u00edt\u011b ve spole\u010dnosti obst\u00e1lo, bylo chytr\u00e9 a \u00fasp\u011b\u0161n\u00e9. Ov\u0161em p\u0159edev\u0161\u00edm bychom se m\u011bli zasadit o to, aby bylo \u0161\u0165astn\u00e9. Kdy\u017e po n\u011bm budeme cht\u00edt to, na co je\u0161t\u011b nen\u00ed zral\u00e9, m\u016f\u017ee to v\u00e9st k\u00a0tomu, \u017ee se d\u00edt\u011b za\u010dne c\u00edtit nedostate\u010dn\u011b. Ka\u017ed\u00e9 d\u00edt\u011b je jin\u00e9, ka\u017ed\u00e9 m\u00e1 sv\u00e9 tempo v\u00fdvoje i ch\u00e1p\u00e1n\u00ed r\u016fzn\u00fdch v\u011bc\u00ed. Rodi\u010de sv\u00e9 d\u011bti znaj\u00ed, proto by m\u011bli citliv\u011b p\u0159istupovat i k\u00a0ot\u00e1zce u\u010den\u00ed. Pokud \u0161kol\u00e1kovi n\u011bco nejde dnes, neznamen\u00e1 to, \u017ee to nezvl\u00e1dne nikdy. D\u011btem se mus\u00ed d\u00e1t \u010das, nechat je v\u00edce v\u00a0klidu a po\u010dkat, o co za\u010dnou jevit z\u00e1jem. Tak se projev\u00ed, na co maj\u00ed talent a jak\u00fdm sm\u011brem se pak mohou vydat i ve sv\u00e9m vzd\u011bl\u00e1v\u00e1n\u00ed.U\u010dit se z\u00a0vlastn\u00edch chybMo\u017en\u00e1 bude sta\u010dit se o \u0161kol\u00e1ky citliv\u011b zaj\u00edmat a necht\u00edt od nich jen sam\u00e9 \u00fasp\u011bchy. Zkr\u00e1tka nel\u00e1mat v\u011bci p\u0159es koleno. P\u0159\u00edli\u0161n\u00fdmi n\u00e1roky se toho toti\u017e v\u00edce pokaz\u00ed, ne\u017e vy\u0159e\u0161\u00ed. Nevad\u00ed, kdy\u017e d\u011btem n\u011bco nep\u016fjde, nebo se nepovede, vadit by m\u011blo, kdy\u017e se na to d\u00edt\u011b vyka\u0161le. Pokud se stane chyba, d\u00edt\u011b t\u0159eba zapomene napsat \u00fakol, bude si za to samo n\u00e9st zodpov\u011bdnost. A to je pot\u0159eba je nau\u010dit pro \u017eivot.                                                                                                                                                                                                                                                                                                                                                                                        3.8\/5 - (10 votes)        "},{"@context":"https:\/\/schema.org\/","@type":"BreadcrumbList","itemListElement":[{"@type":"ListItem","position":1,"name":"Stoupaj\u00ed n\u00e1roky na d\u011bti ve \u0161kole?","item":"https:\/\/www.pweb.cz\/stoupaji-naroky-na-deti-ve-skole\/#breadcrumbitem"}]}]