[{"@context":"https:\/\/schema.org\/","@type":"Article","@id":"https:\/\/www.pweb.cz\/mene-starosti-po-praci\/#Article","mainEntityOfPage":"https:\/\/www.pweb.cz\/mene-starosti-po-praci\/","headline":"M\u00e9n\u011b starost\u00ed po pr\u00e1ci","name":"M\u00e9n\u011b starost\u00ed po pr\u00e1ci","description":"Nel\u00edb\u00ed se v\u00e1m, \u017ee kdy\u017e p\u0159ijdete dom\u016f z pr\u00e1ce, \u017ee mus\u00edte neust\u00e1le \u0159e\u0161it ty starosti? Nem\u00e1te nikdy klid, a proto byste to cht\u011bli zm\u011bnit? Jestli\u017ee ano, pak m\u00e1te mnoho mo\u017enost\u00ed, jak na to. D\u00edky v\u00ed\u0159iv\u00fdm van\u00e1m si budete moci ud\u011blat klid a pohodu p\u0159esn\u011b tehdy, kdy budete sami cht\u00edt. Jestli\u017ee byste to cht\u011bli, pak v\u00e1m [&hellip;]","datePublished":"2025-09-02","dateModified":"2025-09-02","author":{"@type":"Person","@id":"https:\/\/www.pweb.cz\/author\/#Person","name":"pweb.cz","url":"https:\/\/www.pweb.cz\/author\/","identifier":1,"image":{"@type":"ImageObject","@id":"https:\/\/secure.gravatar.com\/avatar\/86b519ae28c05e7834416117bec12e679aa78b8940db1f26d4a52ad5648f8c3a?s=96&d=mm&r=g","url":"https:\/\/secure.gravatar.com\/avatar\/86b519ae28c05e7834416117bec12e679aa78b8940db1f26d4a52ad5648f8c3a?s=96&d=mm&r=g","height":96,"width":96}},"publisher":{"@type":"Organization","name":"pweb.cz","logo":{"@type":"ImageObject","@id":"\/logo.png","url":"\/logo.png","width":600,"height":60}},"url":"https:\/\/www.pweb.cz\/mene-starosti-po-praci\/","wordCount":182,"articleBody":"Nel\u00edb\u00ed se v\u00e1m, \u017ee kdy\u017e p\u0159ijdete dom\u016f z pr\u00e1ce, \u017ee mus\u00edte neust\u00e1le \u0159e\u0161it ty starosti? Nem\u00e1te nikdy klid, a proto byste to cht\u011bli zm\u011bnit? Jestli\u017ee ano, pak m\u00e1te mnoho mo\u017enost\u00ed, jak na to. D\u00edky v\u00ed\u0159iv\u00fdm van\u00e1m si budete moci ud\u011blat klid a pohodu p\u0159esn\u011b tehdy, kdy budete sami cht\u00edt. Jestli\u017ee byste to cht\u011bli, pak v\u00e1m nic nebr\u00e1n\u00ed si po\u0159\u00eddit produkt, d\u00edky kter\u00e9mu si toto v\u0161e budete moci za\u0159\u00eddit. Bude to skv\u011bl\u00e1 p\u0159\u00edle\u017eitost, kterou byste m\u011bli vyzkou\u0161et i vy. Nestoj\u00ed to mnoho I kdy\u017e si mnoho lid\u00ed mysl\u00ed, \u017ee tyto z\u00e1le\u017eitosti stoj\u00ed opravdu velk\u00e9 sumy pen\u011bz, nen\u00ed tomu tak. V dne\u0161n\u00ed dob\u011b, kdy\u017e se v\u0161e zlev\u0148uje a dop\u0159\u00e1v\u00e1 i t\u011bm, kte\u0159\u00ed moc pen\u011bz nemaj\u00ed, je toto dobr\u00e1 p\u0159\u00edle\u017eitost pro koupi. Rozhodn\u011b se vyplat\u00ed si doma ud\u011blat trochu m\u00edsta a um\u00edstit tam toto luxusn\u00ed za\u0159\u00edzen\u00ed.                                                                                                                                                                                                                                                                                                                                                                                                "},{"@context":"https:\/\/schema.org\/","@type":"BreadcrumbList","itemListElement":[{"@type":"ListItem","position":1,"name":"M\u00e9n\u011b starost\u00ed po pr\u00e1ci","item":"https:\/\/www.pweb.cz\/mene-starosti-po-praci\/#breadcrumbitem"}]}]